{"id":2195,"date":"2021-02-12T15:14:57","date_gmt":"2021-02-12T15:14:57","guid":{"rendered":"https:\/\/www.paniker.com\/?p=2195"},"modified":"2021-02-12T15:14:57","modified_gmt":"2021-02-12T15:14:57","slug":"february-2021-changes-in-the-general-direction-of-paniker","status":"publish","type":"post","link":"https:\/\/www.paniker.com\/en\/february-2021-changes-in-the-general-direction-of-paniker\/","title":{"rendered":"February 2021: Changes in the General Direction of Paniker."},"content":{"rendered":"<div class=\"page\" title=\"Page 2\">\n<div class=\"section\">\n<div class=\"layoutArea\">\n<div class=\"column\">\n<p><strong>Beardow Adams Group announcement:<\/strong><\/p>\n<\/div>\n<\/div>\n<\/div>\n<\/div>\n<p>The past year has been a challenge for everyone in our Group and I thank you all for your hard work and commitment. Despite the challenges which the global pandemic has brought to us all, I am very happy to report that we have had very few cases of COVID-19 and thankfully everyone that has fallen ill with the virus has returned to good health.<\/p>\n<p>As we continue to grow and invest, it is important that we also look at the future plans for all of our people within the Beardow Adams Group.<\/p>\n<p>Around 20 years ago Paniker became part of our group and <strong>Carlos Rocamora Feliu<\/strong> and <strong>Francisco (Paco) P\u00e9rez P\u00e9rez<\/strong> were appointed to lead the company.<\/p>\n<p>Carlos and Paco have worked for Paniker since the early 80\u2019s with Paco responsible for Commercial &amp; Technical. Carlos has managed everything from Customer Service through to Production, Logistics, Quality and Administration. In the past 35+ years they have increased the Paniker Group from \u20ac5m sales to the current level of \u20ac20m.<\/p>\n<p>Over the years Carlos has been instrumental in the development of Paniker by improving processes, production flow \/ machinery and integrating several acquired companies, one of which is Obrador.<\/p>\n<p>Paco started with Paniker as a chemist inventing adhesives for the paper market and also developed, designed manufacturing processes and the commercial model for Paniker\u2019s tissue glues. He has led the sales growth in export markets to countries such as Morocco, Algeria, Senegal to name a few.<\/p>\n<p>Carlos and Paco have decided that now is the time for them to step back from the day to day running of the business and will become non-executive directors whilst they hand over their responsibilities over the coming 18 months to their sons before retiring in full in 2022.<\/p>\n<p>Alan Rocamora started with Paniker in 2012 and moved to Alicante to ultimately become the General Manager of Obrador in 2017. Over the past 5 years he has also taken on more duties from Carlos and is responsible for many of the departments in Paniker.<\/p>\n<p>Toni P\u00e9rez has been with Paniker since 2011 when he started as a salesman in Andaluc\u00eda. He has since assumed increased responsibility over time and currently manages the domestic sales team.<\/p>\n<p>I am sure that you will join me in wishing Alan and Toni well in the successful management of Paniker; they are both keen to continue the philosophies established by Paco and Carlos with diversified markets, high performance products and a personalised approach to customers.<\/p>\n<p>Best Regards<\/p>\n<p>Adrian Day<br \/>\n<strong>Group Chief Executive Officer<\/strong><br \/>\n<a href=\"https:\/\/www.beardowadams.com\">Beardow Adams Group<\/a><\/p>\n<p><img loading=\"lazy\" decoding=\"async\" class=\"aligncenter size-full wp-image-2219\" src=\"https:\/\/www.paniker.com\/wp-content\/uploads\/2021\/02\/Header_BA_GRIS_WEB_2.jpg\" alt=\"\" width=\"1719\" height=\"223\" srcset=\"https:\/\/www.paniker.com\/wp-content\/uploads\/2021\/02\/Header_BA_GRIS_WEB_2.jpg 1719w, https:\/\/www.paniker.com\/wp-content\/uploads\/2021\/02\/Header_BA_GRIS_WEB_2-300x39.jpg 300w, https:\/\/www.paniker.com\/wp-content\/uploads\/2021\/02\/Header_BA_GRIS_WEB_2-1030x134.jpg 1030w, https:\/\/www.paniker.com\/wp-content\/uploads\/2021\/02\/Header_BA_GRIS_WEB_2-768x100.jpg 768w, https:\/\/www.paniker.com\/wp-content\/uploads\/2021\/02\/Header_BA_GRIS_WEB_2-1536x199.jpg 1536w, https:\/\/www.paniker.com\/wp-content\/uploads\/2021\/02\/Header_BA_GRIS_WEB_2-1500x195.jpg 1500w, https:\/\/www.paniker.com\/wp-content\/uploads\/2021\/02\/Header_BA_GRIS_WEB_2-705x91.jpg 705w\" sizes=\"auto, (max-width: 1719px) 100vw, 1719px\" \/><\/p>\n","protected":false},"excerpt":{"rendered":"<p>Beardow Adams Group announcement: The past year has been a challenge for everyone in our Group and I thank you all for your hard work and commitment. Despite the challenges which the global pandemic has brought to us all, I am very happy to report that we have had very few cases of COVID-19 and [&hellip;]<\/p>\n","protected":false},"author":4,"featured_media":2187,"comment_status":"closed","ping_status":"closed","sticky":false,"template":"","format":"standard","meta":{"footnotes":""},"categories":[5],"tags":[],"class_list":["post-2195","post","type-post","status-publish","format-standard","has-post-thumbnail","hentry","category-uncategorized"],"yoast_head":"<!-- This site is optimized with the Yoast SEO plugin v27.5 - https:\/\/yoast.com\/product\/yoast-seo-wordpress\/ -->\n<title>February 2021: Changes in the General Direction of Paniker. - Paniker<\/title>\n<meta name=\"description\" content=\"The past year has been a challenge for everyone in our Group and I thank you all for your hard work and commitment. Despite the challenges which the global pandemic has brought to us all, I am very happy to report that we have had very few cases of COVID-19 and thankfully everyone that has fallen ill with the virus has returned to good health.\" \/>\n<meta name=\"robots\" content=\"index, follow, max-snippet:-1, max-image-preview:large, max-video-preview:-1\" \/>\n<link rel=\"canonical\" href=\"https:\/\/www.paniker.com\/en\/february-2021-changes-in-the-general-direction-of-paniker\/\" \/>\n<meta property=\"og:locale\" content=\"en_US\" \/>\n<meta property=\"og:type\" content=\"article\" \/>\n<meta property=\"og:title\" content=\"February 2021: Changes in the General Direction of Paniker. - Paniker\" \/>\n<meta property=\"og:description\" content=\"The past year has been a challenge for everyone in our Group and I thank you all for your hard work and commitment. Despite the challenges which the global pandemic has brought to us all, I am very happy to report that we have had very few cases of COVID-19 and thankfully everyone that has fallen ill with the virus has returned to good health.\" \/>\n<meta property=\"og:url\" content=\"https:\/\/www.paniker.com\/en\/february-2021-changes-in-the-general-direction-of-paniker\/\" \/>\n<meta property=\"og:site_name\" content=\"Paniker\" \/>\n<meta property=\"article:published_time\" content=\"2021-02-12T15:14:57+00:00\" \/>\n<meta property=\"og:image\" content=\"https:\/\/www.paniker.com\/wp-content\/uploads\/2021\/02\/Paniker_Comunicado_Beardow_Adams_210209.jpg\" \/>\n\t<meta property=\"og:image:width\" content=\"1530\" \/>\n\t<meta property=\"og:image:height\" content=\"687\" \/>\n\t<meta property=\"og:image:type\" content=\"image\/jpeg\" \/>\n<meta name=\"author\" content=\"Paniker\" \/>\n<meta name=\"twitter:card\" content=\"summary_large_image\" \/>\n<meta name=\"twitter:label1\" content=\"Written by\" \/>\n\t<meta name=\"twitter:data1\" content=\"Paniker\" \/>\n\t<meta name=\"twitter:label2\" content=\"Est. reading time\" \/>\n\t<meta name=\"twitter:data2\" content=\"2 minutes\" \/>\n<script type=\"application\/ld+json\" class=\"yoast-schema-graph\">{\"@context\":\"https:\\\/\\\/schema.org\",\"@graph\":[{\"@type\":\"Article\",\"@id\":\"https:\\\/\\\/www.paniker.com\\\/en\\\/february-2021-changes-in-the-general-direction-of-paniker\\\/#article\",\"isPartOf\":{\"@id\":\"https:\\\/\\\/www.paniker.com\\\/en\\\/february-2021-changes-in-the-general-direction-of-paniker\\\/\"},\"author\":{\"name\":\"Paniker\",\"@id\":\"https:\\\/\\\/www.paniker.com\\\/#\\\/schema\\\/person\\\/ec8cc37c847081f100dc484c5dfb08e0\"},\"headline\":\"February 2021: Changes in the General Direction of Paniker.\",\"datePublished\":\"2021-02-12T15:14:57+00:00\",\"mainEntityOfPage\":{\"@id\":\"https:\\\/\\\/www.paniker.com\\\/en\\\/february-2021-changes-in-the-general-direction-of-paniker\\\/\"},\"wordCount\":435,\"image\":{\"@id\":\"https:\\\/\\\/www.paniker.com\\\/en\\\/february-2021-changes-in-the-general-direction-of-paniker\\\/#primaryimage\"},\"thumbnailUrl\":\"https:\\\/\\\/www.paniker.com\\\/wp-content\\\/uploads\\\/2021\\\/02\\\/Paniker_Comunicado_Beardow_Adams_210209.jpg\",\"inLanguage\":\"en-US\"},{\"@type\":\"WebPage\",\"@id\":\"https:\\\/\\\/www.paniker.com\\\/en\\\/february-2021-changes-in-the-general-direction-of-paniker\\\/\",\"url\":\"https:\\\/\\\/www.paniker.com\\\/en\\\/february-2021-changes-in-the-general-direction-of-paniker\\\/\",\"name\":\"February 2021: Changes in the General Direction of Paniker. - Paniker\",\"isPartOf\":{\"@id\":\"https:\\\/\\\/www.paniker.com\\\/#website\"},\"primaryImageOfPage\":{\"@id\":\"https:\\\/\\\/www.paniker.com\\\/en\\\/february-2021-changes-in-the-general-direction-of-paniker\\\/#primaryimage\"},\"image\":{\"@id\":\"https:\\\/\\\/www.paniker.com\\\/en\\\/february-2021-changes-in-the-general-direction-of-paniker\\\/#primaryimage\"},\"thumbnailUrl\":\"https:\\\/\\\/www.paniker.com\\\/wp-content\\\/uploads\\\/2021\\\/02\\\/Paniker_Comunicado_Beardow_Adams_210209.jpg\",\"datePublished\":\"2021-02-12T15:14:57+00:00\",\"author\":{\"@id\":\"https:\\\/\\\/www.paniker.com\\\/#\\\/schema\\\/person\\\/ec8cc37c847081f100dc484c5dfb08e0\"},\"description\":\"The past year has been a challenge for everyone in our Group and I thank you all for your hard work and commitment. Despite the challenges which the global pandemic has brought to us all, I am very happy to report that we have had very few cases of COVID-19 and thankfully everyone that has fallen ill with the virus has returned to good health.\",\"breadcrumb\":{\"@id\":\"https:\\\/\\\/www.paniker.com\\\/en\\\/february-2021-changes-in-the-general-direction-of-paniker\\\/#breadcrumb\"},\"inLanguage\":\"en-US\",\"potentialAction\":[{\"@type\":\"ReadAction\",\"target\":[\"https:\\\/\\\/www.paniker.com\\\/en\\\/february-2021-changes-in-the-general-direction-of-paniker\\\/\"]}]},{\"@type\":\"ImageObject\",\"inLanguage\":\"en-US\",\"@id\":\"https:\\\/\\\/www.paniker.com\\\/en\\\/february-2021-changes-in-the-general-direction-of-paniker\\\/#primaryimage\",\"url\":\"https:\\\/\\\/www.paniker.com\\\/wp-content\\\/uploads\\\/2021\\\/02\\\/Paniker_Comunicado_Beardow_Adams_210209.jpg\",\"contentUrl\":\"https:\\\/\\\/www.paniker.com\\\/wp-content\\\/uploads\\\/2021\\\/02\\\/Paniker_Comunicado_Beardow_Adams_210209.jpg\",\"width\":1530,\"height\":687},{\"@type\":\"BreadcrumbList\",\"@id\":\"https:\\\/\\\/www.paniker.com\\\/en\\\/february-2021-changes-in-the-general-direction-of-paniker\\\/#breadcrumb\",\"itemListElement\":[{\"@type\":\"ListItem\",\"position\":1,\"name\":\"Inici\",\"item\":\"https:\\\/\\\/www.paniker.com\\\/en\\\/home\\\/\"},{\"@type\":\"ListItem\",\"position\":2,\"name\":\"February 2021: Changes in the General Direction of Paniker.\"}]},{\"@type\":\"WebSite\",\"@id\":\"https:\\\/\\\/www.paniker.com\\\/#website\",\"url\":\"https:\\\/\\\/www.paniker.com\\\/\",\"name\":\"Paniker\",\"description\":\"L\u00edderes en adhesivos l\u00edquidos y s\u00f3lidos\",\"potentialAction\":[{\"@type\":\"SearchAction\",\"target\":{\"@type\":\"EntryPoint\",\"urlTemplate\":\"https:\\\/\\\/www.paniker.com\\\/?s={search_term_string}\"},\"query-input\":{\"@type\":\"PropertyValueSpecification\",\"valueRequired\":true,\"valueName\":\"search_term_string\"}}],\"inLanguage\":\"en-US\"},{\"@type\":\"Person\",\"@id\":\"https:\\\/\\\/www.paniker.com\\\/#\\\/schema\\\/person\\\/ec8cc37c847081f100dc484c5dfb08e0\",\"name\":\"Paniker\",\"image\":{\"@type\":\"ImageObject\",\"inLanguage\":\"en-US\",\"@id\":\"https:\\\/\\\/secure.gravatar.com\\\/avatar\\\/bf7639eb5e4631d0d26c9d6313594dbd693a981e9bd43b559d84cbd436ac31b3?s=96&d=mm&r=g\",\"url\":\"https:\\\/\\\/secure.gravatar.com\\\/avatar\\\/bf7639eb5e4631d0d26c9d6313594dbd693a981e9bd43b559d84cbd436ac31b3?s=96&d=mm&r=g\",\"contentUrl\":\"https:\\\/\\\/secure.gravatar.com\\\/avatar\\\/bf7639eb5e4631d0d26c9d6313594dbd693a981e9bd43b559d84cbd436ac31b3?s=96&d=mm&r=g\",\"caption\":\"Paniker\"},\"url\":\"https:\\\/\\\/www.paniker.com\\\/en\\\/author\\\/paniker\\\/\"}]}<\/script>\n<!-- \/ Yoast SEO plugin. -->","yoast_head_json":{"title":"February 2021: Changes in the General Direction of Paniker. - Paniker","description":"The past year has been a challenge for everyone in our Group and I thank you all for your hard work and commitment. Despite the challenges which the global pandemic has brought to us all, I am very happy to report that we have had very few cases of COVID-19 and thankfully everyone that has fallen ill with the virus has returned to good health.","robots":{"index":"index","follow":"follow","max-snippet":"max-snippet:-1","max-image-preview":"max-image-preview:large","max-video-preview":"max-video-preview:-1"},"canonical":"https:\/\/www.paniker.com\/en\/february-2021-changes-in-the-general-direction-of-paniker\/","og_locale":"en_US","og_type":"article","og_title":"February 2021: Changes in the General Direction of Paniker. - Paniker","og_description":"The past year has been a challenge for everyone in our Group and I thank you all for your hard work and commitment. Despite the challenges which the global pandemic has brought to us all, I am very happy to report that we have had very few cases of COVID-19 and thankfully everyone that has fallen ill with the virus has returned to good health.","og_url":"https:\/\/www.paniker.com\/en\/february-2021-changes-in-the-general-direction-of-paniker\/","og_site_name":"Paniker","article_published_time":"2021-02-12T15:14:57+00:00","og_image":[{"width":1530,"height":687,"url":"https:\/\/www.paniker.com\/wp-content\/uploads\/2021\/02\/Paniker_Comunicado_Beardow_Adams_210209.jpg","type":"image\/jpeg"}],"author":"Paniker","twitter_card":"summary_large_image","twitter_misc":{"Written by":"Paniker","Est. reading time":"2 minutes"},"schema":{"@context":"https:\/\/schema.org","@graph":[{"@type":"Article","@id":"https:\/\/www.paniker.com\/en\/february-2021-changes-in-the-general-direction-of-paniker\/#article","isPartOf":{"@id":"https:\/\/www.paniker.com\/en\/february-2021-changes-in-the-general-direction-of-paniker\/"},"author":{"name":"Paniker","@id":"https:\/\/www.paniker.com\/#\/schema\/person\/ec8cc37c847081f100dc484c5dfb08e0"},"headline":"February 2021: Changes in the General Direction of Paniker.","datePublished":"2021-02-12T15:14:57+00:00","mainEntityOfPage":{"@id":"https:\/\/www.paniker.com\/en\/february-2021-changes-in-the-general-direction-of-paniker\/"},"wordCount":435,"image":{"@id":"https:\/\/www.paniker.com\/en\/february-2021-changes-in-the-general-direction-of-paniker\/#primaryimage"},"thumbnailUrl":"https:\/\/www.paniker.com\/wp-content\/uploads\/2021\/02\/Paniker_Comunicado_Beardow_Adams_210209.jpg","inLanguage":"en-US"},{"@type":"WebPage","@id":"https:\/\/www.paniker.com\/en\/february-2021-changes-in-the-general-direction-of-paniker\/","url":"https:\/\/www.paniker.com\/en\/february-2021-changes-in-the-general-direction-of-paniker\/","name":"February 2021: Changes in the General Direction of Paniker. - Paniker","isPartOf":{"@id":"https:\/\/www.paniker.com\/#website"},"primaryImageOfPage":{"@id":"https:\/\/www.paniker.com\/en\/february-2021-changes-in-the-general-direction-of-paniker\/#primaryimage"},"image":{"@id":"https:\/\/www.paniker.com\/en\/february-2021-changes-in-the-general-direction-of-paniker\/#primaryimage"},"thumbnailUrl":"https:\/\/www.paniker.com\/wp-content\/uploads\/2021\/02\/Paniker_Comunicado_Beardow_Adams_210209.jpg","datePublished":"2021-02-12T15:14:57+00:00","author":{"@id":"https:\/\/www.paniker.com\/#\/schema\/person\/ec8cc37c847081f100dc484c5dfb08e0"},"description":"The past year has been a challenge for everyone in our Group and I thank you all for your hard work and commitment. Despite the challenges which the global pandemic has brought to us all, I am very happy to report that we have had very few cases of COVID-19 and thankfully everyone that has fallen ill with the virus has returned to good health.","breadcrumb":{"@id":"https:\/\/www.paniker.com\/en\/february-2021-changes-in-the-general-direction-of-paniker\/#breadcrumb"},"inLanguage":"en-US","potentialAction":[{"@type":"ReadAction","target":["https:\/\/www.paniker.com\/en\/february-2021-changes-in-the-general-direction-of-paniker\/"]}]},{"@type":"ImageObject","inLanguage":"en-US","@id":"https:\/\/www.paniker.com\/en\/february-2021-changes-in-the-general-direction-of-paniker\/#primaryimage","url":"https:\/\/www.paniker.com\/wp-content\/uploads\/2021\/02\/Paniker_Comunicado_Beardow_Adams_210209.jpg","contentUrl":"https:\/\/www.paniker.com\/wp-content\/uploads\/2021\/02\/Paniker_Comunicado_Beardow_Adams_210209.jpg","width":1530,"height":687},{"@type":"BreadcrumbList","@id":"https:\/\/www.paniker.com\/en\/february-2021-changes-in-the-general-direction-of-paniker\/#breadcrumb","itemListElement":[{"@type":"ListItem","position":1,"name":"Inici","item":"https:\/\/www.paniker.com\/en\/home\/"},{"@type":"ListItem","position":2,"name":"February 2021: Changes in the General Direction of Paniker."}]},{"@type":"WebSite","@id":"https:\/\/www.paniker.com\/#website","url":"https:\/\/www.paniker.com\/","name":"Paniker","description":"L\u00edderes en adhesivos l\u00edquidos y s\u00f3lidos","potentialAction":[{"@type":"SearchAction","target":{"@type":"EntryPoint","urlTemplate":"https:\/\/www.paniker.com\/?s={search_term_string}"},"query-input":{"@type":"PropertyValueSpecification","valueRequired":true,"valueName":"search_term_string"}}],"inLanguage":"en-US"},{"@type":"Person","@id":"https:\/\/www.paniker.com\/#\/schema\/person\/ec8cc37c847081f100dc484c5dfb08e0","name":"Paniker","image":{"@type":"ImageObject","inLanguage":"en-US","@id":"https:\/\/secure.gravatar.com\/avatar\/bf7639eb5e4631d0d26c9d6313594dbd693a981e9bd43b559d84cbd436ac31b3?s=96&d=mm&r=g","url":"https:\/\/secure.gravatar.com\/avatar\/bf7639eb5e4631d0d26c9d6313594dbd693a981e9bd43b559d84cbd436ac31b3?s=96&d=mm&r=g","contentUrl":"https:\/\/secure.gravatar.com\/avatar\/bf7639eb5e4631d0d26c9d6313594dbd693a981e9bd43b559d84cbd436ac31b3?s=96&d=mm&r=g","caption":"Paniker"},"url":"https:\/\/www.paniker.com\/en\/author\/paniker\/"}]}},"_links":{"self":[{"href":"https:\/\/www.paniker.com\/en\/wp-json\/wp\/v2\/posts\/2195","targetHints":{"allow":["GET"]}}],"collection":[{"href":"https:\/\/www.paniker.com\/en\/wp-json\/wp\/v2\/posts"}],"about":[{"href":"https:\/\/www.paniker.com\/en\/wp-json\/wp\/v2\/types\/post"}],"author":[{"embeddable":true,"href":"https:\/\/www.paniker.com\/en\/wp-json\/wp\/v2\/users\/4"}],"replies":[{"embeddable":true,"href":"https:\/\/www.paniker.com\/en\/wp-json\/wp\/v2\/comments?post=2195"}],"version-history":[{"count":9,"href":"https:\/\/www.paniker.com\/en\/wp-json\/wp\/v2\/posts\/2195\/revisions"}],"predecessor-version":[{"id":2230,"href":"https:\/\/www.paniker.com\/en\/wp-json\/wp\/v2\/posts\/2195\/revisions\/2230"}],"wp:featuredmedia":[{"embeddable":true,"href":"https:\/\/www.paniker.com\/en\/wp-json\/wp\/v2\/media\/2187"}],"wp:attachment":[{"href":"https:\/\/www.paniker.com\/en\/wp-json\/wp\/v2\/media?parent=2195"}],"wp:term":[{"taxonomy":"category","embeddable":true,"href":"https:\/\/www.paniker.com\/en\/wp-json\/wp\/v2\/categories?post=2195"},{"taxonomy":"post_tag","embeddable":true,"href":"https:\/\/www.paniker.com\/en\/wp-json\/wp\/v2\/tags?post=2195"}],"curies":[{"name":"wp","href":"https:\/\/api.w.org\/{rel}","templated":true}]}}