{"id":2985,"date":"2022-05-06T15:08:48","date_gmt":"2022-05-06T15:08:48","guid":{"rendered":"https:\/\/www.paniker.com\/infopack-paniker-ingenieria-de-adhesivos-cumple-100-anos\/"},"modified":"2022-05-06T15:12:54","modified_gmt":"2022-05-06T15:12:54","slug":"infopack-paniker-ingenieria-de-adhesivos-cumple-100-anos","status":"publish","type":"post","link":"https:\/\/www.paniker.com\/en\/infopack-paniker-ingenieria-de-adhesivos-cumple-100-anos\/","title":{"rendered":"INFOPACK: Paniker, cumple 100 a\u00f1os"},"content":{"rendered":"<p>Entrevista a Toni P\u00e9rez, director general, y Paco P\u00e9rez, consejero delegado y responsable de I+D de Paniker.<\/p>\n<p>Puedes leer el articulo entero <a href=\"https:\/\/www.infopack.es\/revista\/288\/index_28.html\" target=\"_blank\" rel=\"noopener\">aqu\u00ed<\/a>.<\/p>\n<p><img loading=\"lazy\" decoding=\"async\" class=\"alignnone size-full wp-image-2976\" src=\"https:\/\/www.paniker.com\/wp-content\/uploads\/2022\/05\/Portada_InfoPack_Paniker_WEB.jpg\" alt=\"\" width=\"1000\" height=\"1400\" srcset=\"https:\/\/www.paniker.com\/wp-content\/uploads\/2022\/05\/Portada_InfoPack_Paniker_WEB.jpg 1000w, https:\/\/www.paniker.com\/wp-content\/uploads\/2022\/05\/Portada_InfoPack_Paniker_WEB-214x300.jpg 214w, https:\/\/www.paniker.com\/wp-content\/uploads\/2022\/05\/Portada_InfoPack_Paniker_WEB-736x1030.jpg 736w, https:\/\/www.paniker.com\/wp-content\/uploads\/2022\/05\/Portada_InfoPack_Paniker_WEB-768x1075.jpg 768w, https:\/\/www.paniker.com\/wp-content\/uploads\/2022\/05\/Portada_InfoPack_Paniker_WEB-504x705.jpg 504w\" sizes=\"auto, (max-width: 1000px) 100vw, 1000px\" \/><\/p>\n<p><em>El 3 de febrero de 2022 alcanz\u00f3 la m\u00e1gica y centenaria cifra esta empresa barcelonesa dedicada a los adhesivos que inici\u00f3 su andadura en el mercado para dar servicio a la industria del cuero y el calzado y que hoy, convertida en toda una \u201cIngenier\u00eda en Adhesivos\u201d, proporciona sus soluciones a mercados tan variados como exigentes, como el autom\u00f3vil, la madera, las espumas, las artes gr\u00e1ficas y, por supuesto, el packaging y el etiquetado, tanto de dentro como de fuera de nuestras fronteras. Para conocer m\u00e1s sobre Paniker, en este contexto global de postpandemia en el que a todo el mundo le ha tocado reinventarse o resituarse, hablamos con Toni y Paco P\u00e9rez, director general y consejero delegado y responsable de I+D de Paniker, respectivamente.<\/em><\/p>\n<p>&nbsp;<\/p>\n<p><img loading=\"lazy\" decoding=\"async\" class=\"alignnone size-full wp-image-2967\" src=\"https:\/\/www.paniker.com\/wp-content\/uploads\/2022\/05\/INT_InfoPack_Paniker_WEB_01.jpg\" alt=\"\" width=\"1400\" height=\"988\" srcset=\"https:\/\/www.paniker.com\/wp-content\/uploads\/2022\/05\/INT_InfoPack_Paniker_WEB_01.jpg 1400w, https:\/\/www.paniker.com\/wp-content\/uploads\/2022\/05\/INT_InfoPack_Paniker_WEB_01-300x212.jpg 300w, https:\/\/www.paniker.com\/wp-content\/uploads\/2022\/05\/INT_InfoPack_Paniker_WEB_01-1030x727.jpg 1030w, https:\/\/www.paniker.com\/wp-content\/uploads\/2022\/05\/INT_InfoPack_Paniker_WEB_01-768x542.jpg 768w, https:\/\/www.paniker.com\/wp-content\/uploads\/2022\/05\/INT_InfoPack_Paniker_WEB_01-705x498.jpg 705w\" sizes=\"auto, (max-width: 1400px) 100vw, 1400px\" \/><\/p>\n<p><img loading=\"lazy\" decoding=\"async\" class=\"alignnone size-full wp-image-2970\" src=\"https:\/\/www.paniker.com\/wp-content\/uploads\/2022\/05\/INT_InfoPack_Paniker_WEB_02.jpg\" alt=\"\" width=\"1400\" height=\"988\" srcset=\"https:\/\/www.paniker.com\/wp-content\/uploads\/2022\/05\/INT_InfoPack_Paniker_WEB_02.jpg 1400w, https:\/\/www.paniker.com\/wp-content\/uploads\/2022\/05\/INT_InfoPack_Paniker_WEB_02-300x212.jpg 300w, https:\/\/www.paniker.com\/wp-content\/uploads\/2022\/05\/INT_InfoPack_Paniker_WEB_02-1030x727.jpg 1030w, https:\/\/www.paniker.com\/wp-content\/uploads\/2022\/05\/INT_InfoPack_Paniker_WEB_02-768x542.jpg 768w, https:\/\/www.paniker.com\/wp-content\/uploads\/2022\/05\/INT_InfoPack_Paniker_WEB_02-705x498.jpg 705w\" sizes=\"auto, (max-width: 1400px) 100vw, 1400px\" \/><\/p>\n<p>&nbsp;<\/p>\n<p><img loading=\"lazy\" decoding=\"async\" class=\"alignnone size-full wp-image-2973\" src=\"https:\/\/www.paniker.com\/wp-content\/uploads\/2022\/05\/INT_InfoPack_Paniker_WEB_03.jpg\" alt=\"\" width=\"1400\" height=\"988\" srcset=\"https:\/\/www.paniker.com\/wp-content\/uploads\/2022\/05\/INT_InfoPack_Paniker_WEB_03.jpg 1400w, https:\/\/www.paniker.com\/wp-content\/uploads\/2022\/05\/INT_InfoPack_Paniker_WEB_03-300x212.jpg 300w, https:\/\/www.paniker.com\/wp-content\/uploads\/2022\/05\/INT_InfoPack_Paniker_WEB_03-1030x727.jpg 1030w, https:\/\/www.paniker.com\/wp-content\/uploads\/2022\/05\/INT_InfoPack_Paniker_WEB_03-768x542.jpg 768w, https:\/\/www.paniker.com\/wp-content\/uploads\/2022\/05\/INT_InfoPack_Paniker_WEB_03-705x498.jpg 705w\" sizes=\"auto, (max-width: 1400px) 100vw, 1400px\" \/><\/p>\n","protected":false},"excerpt":{"rendered":"<p>Entrevista a Toni P\u00e9rez, director general, y Paco P\u00e9rez, consejero delegado y responsable de I+D de Paniker. Puedes leer el articulo entero aqu\u00ed. El 3 de febrero de 2022 alcanz\u00f3 la m\u00e1gica y centenaria cifra esta empresa barcelonesa dedicada a los adhesivos que inici\u00f3 su andadura en el mercado para dar servicio a la industria [&hellip;]<\/p>\n","protected":false},"author":4,"featured_media":2962,"comment_status":"closed","ping_status":"closed","sticky":false,"template":"","format":"standard","meta":{"footnotes":""},"categories":[5],"tags":[],"class_list":["post-2985","post","type-post","status-publish","format-standard","has-post-thumbnail","hentry","category-uncategorized"],"yoast_head":"<!-- This site is optimized with the Yoast SEO plugin v27.5 - https:\/\/yoast.com\/product\/yoast-seo-wordpress\/ -->\n<title>INFOPACK: Paniker, cumple 100 a\u00f1os - Paniker<\/title>\n<meta name=\"robots\" content=\"index, follow, max-snippet:-1, max-image-preview:large, max-video-preview:-1\" \/>\n<link rel=\"canonical\" href=\"https:\/\/www.paniker.com\/en\/infopack-paniker-ingenieria-de-adhesivos-cumple-100-anos\/\" \/>\n<meta property=\"og:locale\" content=\"en_US\" \/>\n<meta property=\"og:type\" content=\"article\" \/>\n<meta property=\"og:title\" content=\"INFOPACK: Paniker, cumple 100 a\u00f1os - Paniker\" \/>\n<meta property=\"og:description\" content=\"Entrevista a Toni P\u00e9rez, director general, y Paco P\u00e9rez, consejero delegado y responsable de I+D de Paniker. Puedes leer el articulo entero aqu\u00ed. El 3 de febrero de 2022 alcanz\u00f3 la m\u00e1gica y centenaria cifra esta empresa barcelonesa dedicada a los adhesivos que inici\u00f3 su andadura en el mercado para dar servicio a la industria [&hellip;]\" \/>\n<meta property=\"og:url\" content=\"https:\/\/www.paniker.com\/en\/infopack-paniker-ingenieria-de-adhesivos-cumple-100-anos\/\" \/>\n<meta property=\"og:site_name\" content=\"Paniker\" \/>\n<meta property=\"article:published_time\" content=\"2022-05-06T15:08:48+00:00\" \/>\n<meta property=\"article:modified_time\" content=\"2022-05-06T15:12:54+00:00\" \/>\n<meta property=\"og:image\" content=\"https:\/\/www.paniker.com\/wp-content\/uploads\/2022\/05\/Portada_InfoPack_Paniker.jpg\" \/>\n\t<meta property=\"og:image:width\" content=\"1920\" \/>\n\t<meta property=\"og:image:height\" content=\"862\" \/>\n\t<meta property=\"og:image:type\" content=\"image\/jpeg\" \/>\n<meta name=\"author\" content=\"Paniker\" \/>\n<meta name=\"twitter:card\" content=\"summary_large_image\" \/>\n<meta name=\"twitter:label1\" content=\"Written by\" \/>\n\t<meta name=\"twitter:data1\" content=\"Paniker\" \/>\n\t<meta name=\"twitter:label2\" content=\"Est. reading time\" \/>\n\t<meta name=\"twitter:data2\" content=\"1 minute\" \/>\n<script type=\"application\/ld+json\" class=\"yoast-schema-graph\">{\"@context\":\"https:\\\/\\\/schema.org\",\"@graph\":[{\"@type\":\"Article\",\"@id\":\"https:\\\/\\\/www.paniker.com\\\/en\\\/infopack-paniker-ingenieria-de-adhesivos-cumple-100-anos\\\/#article\",\"isPartOf\":{\"@id\":\"https:\\\/\\\/www.paniker.com\\\/en\\\/infopack-paniker-ingenieria-de-adhesivos-cumple-100-anos\\\/\"},\"author\":{\"name\":\"Paniker\",\"@id\":\"https:\\\/\\\/www.paniker.com\\\/#\\\/schema\\\/person\\\/ec8cc37c847081f100dc484c5dfb08e0\"},\"headline\":\"INFOPACK: Paniker, cumple 100 a\u00f1os\",\"datePublished\":\"2022-05-06T15:08:48+00:00\",\"dateModified\":\"2022-05-06T15:12:54+00:00\",\"mainEntityOfPage\":{\"@id\":\"https:\\\/\\\/www.paniker.com\\\/en\\\/infopack-paniker-ingenieria-de-adhesivos-cumple-100-anos\\\/\"},\"wordCount\":163,\"image\":{\"@id\":\"https:\\\/\\\/www.paniker.com\\\/en\\\/infopack-paniker-ingenieria-de-adhesivos-cumple-100-anos\\\/#primaryimage\"},\"thumbnailUrl\":\"https:\\\/\\\/www.paniker.com\\\/wp-content\\\/uploads\\\/2022\\\/05\\\/Portada_InfoPack_Paniker.jpg\",\"inLanguage\":\"en-US\"},{\"@type\":\"WebPage\",\"@id\":\"https:\\\/\\\/www.paniker.com\\\/en\\\/infopack-paniker-ingenieria-de-adhesivos-cumple-100-anos\\\/\",\"url\":\"https:\\\/\\\/www.paniker.com\\\/en\\\/infopack-paniker-ingenieria-de-adhesivos-cumple-100-anos\\\/\",\"name\":\"INFOPACK: Paniker, cumple 100 a\u00f1os - Paniker\",\"isPartOf\":{\"@id\":\"https:\\\/\\\/www.paniker.com\\\/#website\"},\"primaryImageOfPage\":{\"@id\":\"https:\\\/\\\/www.paniker.com\\\/en\\\/infopack-paniker-ingenieria-de-adhesivos-cumple-100-anos\\\/#primaryimage\"},\"image\":{\"@id\":\"https:\\\/\\\/www.paniker.com\\\/en\\\/infopack-paniker-ingenieria-de-adhesivos-cumple-100-anos\\\/#primaryimage\"},\"thumbnailUrl\":\"https:\\\/\\\/www.paniker.com\\\/wp-content\\\/uploads\\\/2022\\\/05\\\/Portada_InfoPack_Paniker.jpg\",\"datePublished\":\"2022-05-06T15:08:48+00:00\",\"dateModified\":\"2022-05-06T15:12:54+00:00\",\"author\":{\"@id\":\"https:\\\/\\\/www.paniker.com\\\/#\\\/schema\\\/person\\\/ec8cc37c847081f100dc484c5dfb08e0\"},\"breadcrumb\":{\"@id\":\"https:\\\/\\\/www.paniker.com\\\/en\\\/infopack-paniker-ingenieria-de-adhesivos-cumple-100-anos\\\/#breadcrumb\"},\"inLanguage\":\"en-US\",\"potentialAction\":[{\"@type\":\"ReadAction\",\"target\":[\"https:\\\/\\\/www.paniker.com\\\/en\\\/infopack-paniker-ingenieria-de-adhesivos-cumple-100-anos\\\/\"]}]},{\"@type\":\"ImageObject\",\"inLanguage\":\"en-US\",\"@id\":\"https:\\\/\\\/www.paniker.com\\\/en\\\/infopack-paniker-ingenieria-de-adhesivos-cumple-100-anos\\\/#primaryimage\",\"url\":\"https:\\\/\\\/www.paniker.com\\\/wp-content\\\/uploads\\\/2022\\\/05\\\/Portada_InfoPack_Paniker.jpg\",\"contentUrl\":\"https:\\\/\\\/www.paniker.com\\\/wp-content\\\/uploads\\\/2022\\\/05\\\/Portada_InfoPack_Paniker.jpg\",\"width\":1920,\"height\":862},{\"@type\":\"BreadcrumbList\",\"@id\":\"https:\\\/\\\/www.paniker.com\\\/en\\\/infopack-paniker-ingenieria-de-adhesivos-cumple-100-anos\\\/#breadcrumb\",\"itemListElement\":[{\"@type\":\"ListItem\",\"position\":1,\"name\":\"Inici\",\"item\":\"https:\\\/\\\/www.paniker.com\\\/en\\\/home\\\/\"},{\"@type\":\"ListItem\",\"position\":2,\"name\":\"INFOPACK: Paniker, cumple 100 a\u00f1os\"}]},{\"@type\":\"WebSite\",\"@id\":\"https:\\\/\\\/www.paniker.com\\\/#website\",\"url\":\"https:\\\/\\\/www.paniker.com\\\/\",\"name\":\"Paniker\",\"description\":\"L\u00edderes en adhesivos l\u00edquidos y s\u00f3lidos\",\"potentialAction\":[{\"@type\":\"SearchAction\",\"target\":{\"@type\":\"EntryPoint\",\"urlTemplate\":\"https:\\\/\\\/www.paniker.com\\\/?s={search_term_string}\"},\"query-input\":{\"@type\":\"PropertyValueSpecification\",\"valueRequired\":true,\"valueName\":\"search_term_string\"}}],\"inLanguage\":\"en-US\"},{\"@type\":\"Person\",\"@id\":\"https:\\\/\\\/www.paniker.com\\\/#\\\/schema\\\/person\\\/ec8cc37c847081f100dc484c5dfb08e0\",\"name\":\"Paniker\",\"image\":{\"@type\":\"ImageObject\",\"inLanguage\":\"en-US\",\"@id\":\"https:\\\/\\\/secure.gravatar.com\\\/avatar\\\/bf7639eb5e4631d0d26c9d6313594dbd693a981e9bd43b559d84cbd436ac31b3?s=96&d=mm&r=g\",\"url\":\"https:\\\/\\\/secure.gravatar.com\\\/avatar\\\/bf7639eb5e4631d0d26c9d6313594dbd693a981e9bd43b559d84cbd436ac31b3?s=96&d=mm&r=g\",\"contentUrl\":\"https:\\\/\\\/secure.gravatar.com\\\/avatar\\\/bf7639eb5e4631d0d26c9d6313594dbd693a981e9bd43b559d84cbd436ac31b3?s=96&d=mm&r=g\",\"caption\":\"Paniker\"},\"url\":\"https:\\\/\\\/www.paniker.com\\\/en\\\/author\\\/paniker\\\/\"}]}<\/script>\n<!-- \/ Yoast SEO plugin. -->","yoast_head_json":{"title":"INFOPACK: Paniker, cumple 100 a\u00f1os - Paniker","robots":{"index":"index","follow":"follow","max-snippet":"max-snippet:-1","max-image-preview":"max-image-preview:large","max-video-preview":"max-video-preview:-1"},"canonical":"https:\/\/www.paniker.com\/en\/infopack-paniker-ingenieria-de-adhesivos-cumple-100-anos\/","og_locale":"en_US","og_type":"article","og_title":"INFOPACK: Paniker, cumple 100 a\u00f1os - Paniker","og_description":"Entrevista a Toni P\u00e9rez, director general, y Paco P\u00e9rez, consejero delegado y responsable de I+D de Paniker. Puedes leer el articulo entero aqu\u00ed. El 3 de febrero de 2022 alcanz\u00f3 la m\u00e1gica y centenaria cifra esta empresa barcelonesa dedicada a los adhesivos que inici\u00f3 su andadura en el mercado para dar servicio a la industria [&hellip;]","og_url":"https:\/\/www.paniker.com\/en\/infopack-paniker-ingenieria-de-adhesivos-cumple-100-anos\/","og_site_name":"Paniker","article_published_time":"2022-05-06T15:08:48+00:00","article_modified_time":"2022-05-06T15:12:54+00:00","og_image":[{"width":1920,"height":862,"url":"https:\/\/www.paniker.com\/wp-content\/uploads\/2022\/05\/Portada_InfoPack_Paniker.jpg","type":"image\/jpeg"}],"author":"Paniker","twitter_card":"summary_large_image","twitter_misc":{"Written by":"Paniker","Est. reading time":"1 minute"},"schema":{"@context":"https:\/\/schema.org","@graph":[{"@type":"Article","@id":"https:\/\/www.paniker.com\/en\/infopack-paniker-ingenieria-de-adhesivos-cumple-100-anos\/#article","isPartOf":{"@id":"https:\/\/www.paniker.com\/en\/infopack-paniker-ingenieria-de-adhesivos-cumple-100-anos\/"},"author":{"name":"Paniker","@id":"https:\/\/www.paniker.com\/#\/schema\/person\/ec8cc37c847081f100dc484c5dfb08e0"},"headline":"INFOPACK: Paniker, cumple 100 a\u00f1os","datePublished":"2022-05-06T15:08:48+00:00","dateModified":"2022-05-06T15:12:54+00:00","mainEntityOfPage":{"@id":"https:\/\/www.paniker.com\/en\/infopack-paniker-ingenieria-de-adhesivos-cumple-100-anos\/"},"wordCount":163,"image":{"@id":"https:\/\/www.paniker.com\/en\/infopack-paniker-ingenieria-de-adhesivos-cumple-100-anos\/#primaryimage"},"thumbnailUrl":"https:\/\/www.paniker.com\/wp-content\/uploads\/2022\/05\/Portada_InfoPack_Paniker.jpg","inLanguage":"en-US"},{"@type":"WebPage","@id":"https:\/\/www.paniker.com\/en\/infopack-paniker-ingenieria-de-adhesivos-cumple-100-anos\/","url":"https:\/\/www.paniker.com\/en\/infopack-paniker-ingenieria-de-adhesivos-cumple-100-anos\/","name":"INFOPACK: Paniker, cumple 100 a\u00f1os - Paniker","isPartOf":{"@id":"https:\/\/www.paniker.com\/#website"},"primaryImageOfPage":{"@id":"https:\/\/www.paniker.com\/en\/infopack-paniker-ingenieria-de-adhesivos-cumple-100-anos\/#primaryimage"},"image":{"@id":"https:\/\/www.paniker.com\/en\/infopack-paniker-ingenieria-de-adhesivos-cumple-100-anos\/#primaryimage"},"thumbnailUrl":"https:\/\/www.paniker.com\/wp-content\/uploads\/2022\/05\/Portada_InfoPack_Paniker.jpg","datePublished":"2022-05-06T15:08:48+00:00","dateModified":"2022-05-06T15:12:54+00:00","author":{"@id":"https:\/\/www.paniker.com\/#\/schema\/person\/ec8cc37c847081f100dc484c5dfb08e0"},"breadcrumb":{"@id":"https:\/\/www.paniker.com\/en\/infopack-paniker-ingenieria-de-adhesivos-cumple-100-anos\/#breadcrumb"},"inLanguage":"en-US","potentialAction":[{"@type":"ReadAction","target":["https:\/\/www.paniker.com\/en\/infopack-paniker-ingenieria-de-adhesivos-cumple-100-anos\/"]}]},{"@type":"ImageObject","inLanguage":"en-US","@id":"https:\/\/www.paniker.com\/en\/infopack-paniker-ingenieria-de-adhesivos-cumple-100-anos\/#primaryimage","url":"https:\/\/www.paniker.com\/wp-content\/uploads\/2022\/05\/Portada_InfoPack_Paniker.jpg","contentUrl":"https:\/\/www.paniker.com\/wp-content\/uploads\/2022\/05\/Portada_InfoPack_Paniker.jpg","width":1920,"height":862},{"@type":"BreadcrumbList","@id":"https:\/\/www.paniker.com\/en\/infopack-paniker-ingenieria-de-adhesivos-cumple-100-anos\/#breadcrumb","itemListElement":[{"@type":"ListItem","position":1,"name":"Inici","item":"https:\/\/www.paniker.com\/en\/home\/"},{"@type":"ListItem","position":2,"name":"INFOPACK: Paniker, cumple 100 a\u00f1os"}]},{"@type":"WebSite","@id":"https:\/\/www.paniker.com\/#website","url":"https:\/\/www.paniker.com\/","name":"Paniker","description":"L\u00edderes en adhesivos l\u00edquidos y s\u00f3lidos","potentialAction":[{"@type":"SearchAction","target":{"@type":"EntryPoint","urlTemplate":"https:\/\/www.paniker.com\/?s={search_term_string}"},"query-input":{"@type":"PropertyValueSpecification","valueRequired":true,"valueName":"search_term_string"}}],"inLanguage":"en-US"},{"@type":"Person","@id":"https:\/\/www.paniker.com\/#\/schema\/person\/ec8cc37c847081f100dc484c5dfb08e0","name":"Paniker","image":{"@type":"ImageObject","inLanguage":"en-US","@id":"https:\/\/secure.gravatar.com\/avatar\/bf7639eb5e4631d0d26c9d6313594dbd693a981e9bd43b559d84cbd436ac31b3?s=96&d=mm&r=g","url":"https:\/\/secure.gravatar.com\/avatar\/bf7639eb5e4631d0d26c9d6313594dbd693a981e9bd43b559d84cbd436ac31b3?s=96&d=mm&r=g","contentUrl":"https:\/\/secure.gravatar.com\/avatar\/bf7639eb5e4631d0d26c9d6313594dbd693a981e9bd43b559d84cbd436ac31b3?s=96&d=mm&r=g","caption":"Paniker"},"url":"https:\/\/www.paniker.com\/en\/author\/paniker\/"}]}},"_links":{"self":[{"href":"https:\/\/www.paniker.com\/en\/wp-json\/wp\/v2\/posts\/2985","targetHints":{"allow":["GET"]}}],"collection":[{"href":"https:\/\/www.paniker.com\/en\/wp-json\/wp\/v2\/posts"}],"about":[{"href":"https:\/\/www.paniker.com\/en\/wp-json\/wp\/v2\/types\/post"}],"author":[{"embeddable":true,"href":"https:\/\/www.paniker.com\/en\/wp-json\/wp\/v2\/users\/4"}],"replies":[{"embeddable":true,"href":"https:\/\/www.paniker.com\/en\/wp-json\/wp\/v2\/comments?post=2985"}],"version-history":[{"count":1,"href":"https:\/\/www.paniker.com\/en\/wp-json\/wp\/v2\/posts\/2985\/revisions"}],"predecessor-version":[{"id":2994,"href":"https:\/\/www.paniker.com\/en\/wp-json\/wp\/v2\/posts\/2985\/revisions\/2994"}],"wp:featuredmedia":[{"embeddable":true,"href":"https:\/\/www.paniker.com\/en\/wp-json\/wp\/v2\/media\/2962"}],"wp:attachment":[{"href":"https:\/\/www.paniker.com\/en\/wp-json\/wp\/v2\/media?parent=2985"}],"wp:term":[{"taxonomy":"category","embeddable":true,"href":"https:\/\/www.paniker.com\/en\/wp-json\/wp\/v2\/categories?post=2985"},{"taxonomy":"post_tag","embeddable":true,"href":"https:\/\/www.paniker.com\/en\/wp-json\/wp\/v2\/tags?post=2985"}],"curies":[{"name":"wp","href":"https:\/\/api.w.org\/{rel}","templated":true}]}}